{"id":8856,"date":"2022-06-09T14:39:25","date_gmt":"2022-06-09T14:39:25","guid":{"rendered":"https:\/\/zlostorstvaodomraza.com\/uncategorized-sq\/vdekja-e-nje-personi-me-status-refugjati-ose-emigranti-ne-vendkalimin-kufitar-bogorodice\/"},"modified":"2022-08-15T14:39:25","modified_gmt":"2022-08-15T14:39:25","slug":"vdekja-e-nje-personi-me-status-refugjati-ose-emigranti-ne-vendkalimin-kufitar-bogorodice","status":"publish","type":"post","link":"https:\/\/zlostorstvaodomraza.com\/sq\/incident-sq\/vdekja-e-nje-personi-me-status-refugjati-ose-emigranti-ne-vendkalimin-kufitar-bogorodice\/","title":{"rendered":"Vdekja e nj\u00eb personi me status refugjati ose emigranti n\u00eb vendkalimin kufitar Bogorodic\u00eb"},"content":{"rendered":"<p><strong>\u00c7far\u00eb ka ndodhur:<\/strong> M\u00eb 9 qershor 2022, nj\u00eb emigrant apo refugjat pa shenja jete \u00ebsht\u00eb v\u00ebrejtur nd\u00ebrmjet korsive t\u00eb rrug\u00ebs n\u00eb vendkalimin kufitar Bogorodic\u00eb. Nj\u00eb mjek nga Emergjenca mjek\u00ebsore ka konstatuar vdekjen, nd\u00ebrsa prokurori publik dhe ekipi i Stacionit Policor Gjevgjeli kan\u00eb b\u00ebr\u00eb kontrollin e vendit t\u00eb ngjarjes. Me urdh\u00ebr t\u00eb prokurorit publik, trupi i pajet\u00eb i t\u00eb ndjerit \u00ebsht\u00eb dor\u00ebzuar p\u00ebr obduksion.<\/p>\n<p><strong>P\u00ebrshkrim i shkurt\u00ebr i incidentit me tregues t\u00eb nj\u00ebansh\u00ebm:<\/strong> N\u00eb k\u00ebt\u00eb incident, motivi i nj\u00ebansh\u00ebm \u00ebsht\u00eb statusi i migrantit ose refugjatit duke supozuar se vdekja ka ndodhur si rezultat i l\u00ebndimit nga nj\u00eb person tjet\u00ebr, kurse treguesit e nj\u00ebansh\u00ebm jan\u00eb:<\/p>\n<ol>\n<li><em>Statusi i migrantit ose refugjatit \u2013 <\/em> viktima ka pasur status emigranti<\/li>\n<li><em>Vendndodhja \u2013 <\/em> rasti ka ndodhur n\u00eb nj\u00eb vend ku kalon rruga e emigrant\u00ebve dhe refugjat\u00ebve q\u00eb tranzitojn\u00eb p\u00ebrmes vendit ton\u00eb<\/li>\n<\/ol>\n<p><strong>Ndikimi mbi viktimat dhe komunitetin: <\/strong>Incidentet e k\u00ebtij lloji v\u00ebn\u00eb n\u00eb pik\u00ebpyetje gjendjen e p\u00ebrgjithshme t\u00eb siguris\u00eb n\u00eb vend, e ve\u00e7an\u00ebrisht sigurin\u00eb e refugjat\u00ebve dhe emigrant\u00ebve q\u00eb tranzitojn\u00eb n\u00ebp\u00ebr territorin e Republik\u00ebs s\u00eb Maqedonis\u00eb s\u00eb Veriut.<\/p>\n","protected":false},"excerpt":{"rendered":"<p>\u00c7far\u00eb ka ndodhur: M\u00eb 9 qershor 2022, nj\u00eb emigrant apo refugjat pa shenja jete \u00ebsht\u00eb v\u00ebrejtur nd\u00ebrmjet korsive t\u00eb rrug\u00ebs n\u00eb vendkalimin kufitar Bogorodic\u00eb. Nj\u00eb mjek nga Emergjenca mjek\u00ebsore ka konstatuar vdekjen, nd\u00ebrsa prokurori publik dhe ekipi i Stacionit Policor Gjevgjeli kan\u00eb b\u00ebr\u00eb kontrollin e vendit t\u00eb ngjarjes. Me urdh\u00ebr&#8230; [&#8230;]<\/p>\n<p><a class=\"btn btn-secondary understrap-read-more-link\" href=\"https:\/\/zlostorstvaodomraza.com\/sq\/incident-sq\/vdekja-e-nje-personi-me-status-refugjati-ose-emigranti-ne-vendkalimin-kufitar-bogorodice\/\">Read More&#8230;<\/a><\/p>\n","protected":false},"author":2,"featured_media":0,"comment_status":"open","ping_status":"open","sticky":false,"template":"","format":"standard","meta":{"_acf_changed":false,"footnotes":""},"categories":[24,25],"tags":[],"class_list":["post-8856","post","type-post","status-publish","format-standard","hentry","category-incident-sq","category-incident-id-17-mk"],"acf":[],"yoast_head":"<!-- This site is optimized with the Yoast SEO plugin v27.5 - https:\/\/yoast.com\/product\/yoast-seo-wordpress\/ -->\n<title>Vdekja e nj\u00eb personi me status refugjati ose emigranti n\u00eb vendkalimin kufitar Bogorodic\u00eb - Hate Crimes<\/title>\n<meta name=\"description\" content=\"M\u00eb 9 qershor 2022, nj\u00eb emigrant apo refugjat pa shenja jete \u00ebsht\u00eb v\u00ebrejtur nd\u00ebrmjet korsive t\u00eb rrug\u00ebs n\u00eb vendkalimin kufitar Bogorodic\u00eb. Nj\u00eb mjek nga Emergjenca mjek\u00ebsore ka konstatuar vdekjen, nd\u00ebrsa prokurori publik dhe ekipi i Stacionit Policor Gjevgjeli kan\u00eb b\u00ebr\u00eb kontrollin e vendit t\u00eb ngjarjes. Me urdh\u00ebr t\u00eb prokurorit publik, trupi i pajet\u00eb i t\u00eb ndjerit \u00ebsht\u00eb dor\u00ebzuar p\u00ebr obduksion.\" \/>\n<meta name=\"robots\" content=\"index, follow, max-snippet:-1, max-image-preview:large, max-video-preview:-1\" \/>\n<link rel=\"canonical\" href=\"https:\/\/zlostorstvaodomraza.com\/sq\/incident-sq\/vdekja-e-nje-personi-me-status-refugjati-ose-emigranti-ne-vendkalimin-kufitar-bogorodice\/\" \/>\n<meta property=\"og:locale\" content=\"sq_AL\" \/>\n<meta property=\"og:type\" content=\"article\" \/>\n<meta property=\"og:title\" content=\"Vdekja e nj\u00eb personi me status refugjati ose emigranti n\u00eb vendkalimin kufitar Bogorodic\u00eb - Hate Crimes\" \/>\n<meta property=\"og:description\" content=\"M\u00eb 9 qershor 2022, nj\u00eb emigrant apo refugjat pa shenja jete \u00ebsht\u00eb v\u00ebrejtur nd\u00ebrmjet korsive t\u00eb rrug\u00ebs n\u00eb vendkalimin kufitar Bogorodic\u00eb. Nj\u00eb mjek nga Emergjenca mjek\u00ebsore ka konstatuar vdekjen, nd\u00ebrsa prokurori publik dhe ekipi i Stacionit Policor Gjevgjeli kan\u00eb b\u00ebr\u00eb kontrollin e vendit t\u00eb ngjarjes. Me urdh\u00ebr t\u00eb prokurorit publik, trupi i pajet\u00eb i t\u00eb ndjerit \u00ebsht\u00eb dor\u00ebzuar p\u00ebr obduksion.\" \/>\n<meta property=\"og:url\" content=\"https:\/\/zlostorstvaodomraza.com\/sq\/incident-sq\/vdekja-e-nje-personi-me-status-refugjati-ose-emigranti-ne-vendkalimin-kufitar-bogorodice\/\" \/>\n<meta property=\"og:site_name\" content=\"Hate Crimes\" \/>\n<meta property=\"article:publisher\" content=\"https:\/\/www.facebook.com\/zlostorstvaodomraza\" \/>\n<meta property=\"article:published_time\" content=\"2022-06-09T14:39:25+00:00\" \/>\n<meta property=\"article:modified_time\" content=\"2022-08-15T14:39:25+00:00\" \/>\n<meta property=\"og:image\" content=\"https:\/\/zlostorstvaodomraza.com\/wp-content\/uploads\/2020\/12\/fbshare-mk.png\" \/>\n\t<meta property=\"og:image:width\" content=\"1200\" \/>\n\t<meta property=\"og:image:height\" content=\"630\" \/>\n\t<meta property=\"og:image:type\" content=\"image\/png\" \/>\n<meta name=\"author\" content=\"Macedonian Helsinki Committee\" \/>\n<meta name=\"twitter:card\" content=\"summary_large_image\" \/>\n<meta name=\"twitter:creator\" content=\"@hatecrimesmk\" \/>\n<meta name=\"twitter:site\" content=\"@hatecrimesmk\" \/>\n<meta name=\"twitter:label1\" content=\"Written by\" \/>\n\t<meta name=\"twitter:data1\" content=\"Macedonian Helsinki Committee\" \/>\n\t<meta name=\"twitter:label2\" content=\"Est. reading time\" \/>\n\t<meta name=\"twitter:data2\" content=\"1 minute\" \/>\n<script type=\"application\/ld+json\" class=\"yoast-schema-graph\">{\"@context\":\"https:\\\/\\\/schema.org\",\"@graph\":[{\"@type\":\"Article\",\"@id\":\"https:\\\/\\\/zlostorstvaodomraza.com\\\/sq\\\/incident-sq\\\/vdekja-e-nje-personi-me-status-refugjati-ose-emigranti-ne-vendkalimin-kufitar-bogorodice\\\/#article\",\"isPartOf\":{\"@id\":\"https:\\\/\\\/zlostorstvaodomraza.com\\\/sq\\\/incident-sq\\\/vdekja-e-nje-personi-me-status-refugjati-ose-emigranti-ne-vendkalimin-kufitar-bogorodice\\\/\"},\"author\":{\"name\":\"Macedonian Helsinki Committee\",\"@id\":\"https:\\\/\\\/zlostorstvaodomraza.com\\\/sq\\\/#\\\/schema\\\/person\\\/dc149a31333676a47a6ba48b3e85392c\"},\"headline\":\"Vdekja e nj\u00eb personi me status refugjati ose emigranti n\u00eb vendkalimin kufitar Bogorodic\u00eb\",\"datePublished\":\"2022-06-09T14:39:25+00:00\",\"dateModified\":\"2022-08-15T14:39:25+00:00\",\"mainEntityOfPage\":{\"@id\":\"https:\\\/\\\/zlostorstvaodomraza.com\\\/sq\\\/incident-sq\\\/vdekja-e-nje-personi-me-status-refugjati-ose-emigranti-ne-vendkalimin-kufitar-bogorodice\\\/\"},\"wordCount\":213,\"commentCount\":0,\"articleSection\":[\"Incident\",\"Incident p\u00ebr shkak t\u00eb nj\u00eb refugjati ose statusi migrant\"],\"inLanguage\":\"sq-AL\",\"potentialAction\":[{\"@type\":\"CommentAction\",\"name\":\"Comment\",\"target\":[\"https:\\\/\\\/zlostorstvaodomraza.com\\\/sq\\\/incident-sq\\\/vdekja-e-nje-personi-me-status-refugjati-ose-emigranti-ne-vendkalimin-kufitar-bogorodice\\\/#respond\"]}]},{\"@type\":\"WebPage\",\"@id\":\"https:\\\/\\\/zlostorstvaodomraza.com\\\/sq\\\/incident-sq\\\/vdekja-e-nje-personi-me-status-refugjati-ose-emigranti-ne-vendkalimin-kufitar-bogorodice\\\/\",\"url\":\"https:\\\/\\\/zlostorstvaodomraza.com\\\/sq\\\/incident-sq\\\/vdekja-e-nje-personi-me-status-refugjati-ose-emigranti-ne-vendkalimin-kufitar-bogorodice\\\/\",\"name\":\"Vdekja e nj\u00eb personi me status refugjati ose emigranti n\u00eb vendkalimin kufitar Bogorodic\u00eb - Hate Crimes\",\"isPartOf\":{\"@id\":\"https:\\\/\\\/zlostorstvaodomraza.com\\\/sq\\\/#website\"},\"datePublished\":\"2022-06-09T14:39:25+00:00\",\"dateModified\":\"2022-08-15T14:39:25+00:00\",\"author\":{\"@id\":\"https:\\\/\\\/zlostorstvaodomraza.com\\\/sq\\\/#\\\/schema\\\/person\\\/dc149a31333676a47a6ba48b3e85392c\"},\"description\":\"M\u00eb 9 qershor 2022, nj\u00eb emigrant apo refugjat pa shenja jete \u00ebsht\u00eb v\u00ebrejtur nd\u00ebrmjet korsive t\u00eb rrug\u00ebs n\u00eb vendkalimin kufitar Bogorodic\u00eb. Nj\u00eb mjek nga Emergjenca mjek\u00ebsore ka konstatuar vdekjen, nd\u00ebrsa prokurori publik dhe ekipi i Stacionit Policor Gjevgjeli kan\u00eb b\u00ebr\u00eb kontrollin e vendit t\u00eb ngjarjes. Me urdh\u00ebr t\u00eb prokurorit publik, trupi i pajet\u00eb i t\u00eb ndjerit \u00ebsht\u00eb dor\u00ebzuar p\u00ebr obduksion.\",\"breadcrumb\":{\"@id\":\"https:\\\/\\\/zlostorstvaodomraza.com\\\/sq\\\/incident-sq\\\/vdekja-e-nje-personi-me-status-refugjati-ose-emigranti-ne-vendkalimin-kufitar-bogorodice\\\/#breadcrumb\"},\"inLanguage\":\"sq-AL\",\"potentialAction\":[{\"@type\":\"ReadAction\",\"target\":[\"https:\\\/\\\/zlostorstvaodomraza.com\\\/sq\\\/incident-sq\\\/vdekja-e-nje-personi-me-status-refugjati-ose-emigranti-ne-vendkalimin-kufitar-bogorodice\\\/\"]}]},{\"@type\":\"BreadcrumbList\",\"@id\":\"https:\\\/\\\/zlostorstvaodomraza.com\\\/sq\\\/incident-sq\\\/vdekja-e-nje-personi-me-status-refugjati-ose-emigranti-ne-vendkalimin-kufitar-bogorodice\\\/#breadcrumb\",\"itemListElement\":[{\"@type\":\"ListItem\",\"position\":1,\"name\":\"Home\",\"item\":\"https:\\\/\\\/zlostorstvaodomraza.com\\\/sq\\\/\"},{\"@type\":\"ListItem\",\"position\":2,\"name\":\"Vdekja e nj\u00eb personi me status refugjati ose emigranti n\u00eb vendkalimin kufitar Bogorodic\u00eb\"}]},{\"@type\":\"WebSite\",\"@id\":\"https:\\\/\\\/zlostorstvaodomraza.com\\\/sq\\\/#website\",\"url\":\"https:\\\/\\\/zlostorstvaodomraza.com\\\/sq\\\/\",\"name\":\"Hate Crimes\",\"description\":\"The objective of the site is to enable citizens to report incidents and crimes they believe to be done out of hate towards the person\u2019s \\\/ people\u2019s membership or affiliation with a certain social group.\",\"potentialAction\":[{\"@type\":\"SearchAction\",\"target\":{\"@type\":\"EntryPoint\",\"urlTemplate\":\"https:\\\/\\\/zlostorstvaodomraza.com\\\/sq\\\/?s={search_term_string}\"},\"query-input\":{\"@type\":\"PropertyValueSpecification\",\"valueRequired\":true,\"valueName\":\"search_term_string\"}}],\"inLanguage\":\"sq-AL\"},{\"@type\":\"Person\",\"@id\":\"https:\\\/\\\/zlostorstvaodomraza.com\\\/sq\\\/#\\\/schema\\\/person\\\/dc149a31333676a47a6ba48b3e85392c\",\"name\":\"Macedonian Helsinki Committee\",\"image\":{\"@type\":\"ImageObject\",\"inLanguage\":\"sq-AL\",\"@id\":\"https:\\\/\\\/secure.gravatar.com\\\/avatar\\\/f3614794f1b3df75180c88c3faa5b213e9bcdd732580214368df86d80b1c8eb8?s=96&d=mm&r=g\",\"url\":\"https:\\\/\\\/secure.gravatar.com\\\/avatar\\\/f3614794f1b3df75180c88c3faa5b213e9bcdd732580214368df86d80b1c8eb8?s=96&d=mm&r=g\",\"contentUrl\":\"https:\\\/\\\/secure.gravatar.com\\\/avatar\\\/f3614794f1b3df75180c88c3faa5b213e9bcdd732580214368df86d80b1c8eb8?s=96&d=mm&r=g\",\"caption\":\"Macedonian Helsinki Committee\"},\"sameAs\":[\"https:\\\/\\\/mhc.org.mk\"],\"url\":\"https:\\\/\\\/zlostorstvaodomraza.com\\\/sq\\\/author\\\/mhc\\\/\"}]}<\/script>\n<!-- \/ Yoast SEO plugin. -->","yoast_head_json":{"title":"Vdekja e nj\u00eb personi me status refugjati ose emigranti n\u00eb vendkalimin kufitar Bogorodic\u00eb - Hate Crimes","description":"M\u00eb 9 qershor 2022, nj\u00eb emigrant apo refugjat pa shenja jete \u00ebsht\u00eb v\u00ebrejtur nd\u00ebrmjet korsive t\u00eb rrug\u00ebs n\u00eb vendkalimin kufitar Bogorodic\u00eb. Nj\u00eb mjek nga Emergjenca mjek\u00ebsore ka konstatuar vdekjen, nd\u00ebrsa prokurori publik dhe ekipi i Stacionit Policor Gjevgjeli kan\u00eb b\u00ebr\u00eb kontrollin e vendit t\u00eb ngjarjes. Me urdh\u00ebr t\u00eb prokurorit publik, trupi i pajet\u00eb i t\u00eb ndjerit \u00ebsht\u00eb dor\u00ebzuar p\u00ebr obduksion.","robots":{"index":"index","follow":"follow","max-snippet":"max-snippet:-1","max-image-preview":"max-image-preview:large","max-video-preview":"max-video-preview:-1"},"canonical":"https:\/\/zlostorstvaodomraza.com\/sq\/incident-sq\/vdekja-e-nje-personi-me-status-refugjati-ose-emigranti-ne-vendkalimin-kufitar-bogorodice\/","og_locale":"sq_AL","og_type":"article","og_title":"Vdekja e nj\u00eb personi me status refugjati ose emigranti n\u00eb vendkalimin kufitar Bogorodic\u00eb - Hate Crimes","og_description":"M\u00eb 9 qershor 2022, nj\u00eb emigrant apo refugjat pa shenja jete \u00ebsht\u00eb v\u00ebrejtur nd\u00ebrmjet korsive t\u00eb rrug\u00ebs n\u00eb vendkalimin kufitar Bogorodic\u00eb. Nj\u00eb mjek nga Emergjenca mjek\u00ebsore ka konstatuar vdekjen, nd\u00ebrsa prokurori publik dhe ekipi i Stacionit Policor Gjevgjeli kan\u00eb b\u00ebr\u00eb kontrollin e vendit t\u00eb ngjarjes. Me urdh\u00ebr t\u00eb prokurorit publik, trupi i pajet\u00eb i t\u00eb ndjerit \u00ebsht\u00eb dor\u00ebzuar p\u00ebr obduksion.","og_url":"https:\/\/zlostorstvaodomraza.com\/sq\/incident-sq\/vdekja-e-nje-personi-me-status-refugjati-ose-emigranti-ne-vendkalimin-kufitar-bogorodice\/","og_site_name":"Hate Crimes","article_publisher":"https:\/\/www.facebook.com\/zlostorstvaodomraza","article_published_time":"2022-06-09T14:39:25+00:00","article_modified_time":"2022-08-15T14:39:25+00:00","og_image":[{"width":1200,"height":630,"url":"https:\/\/zlostorstvaodomraza.com\/wp-content\/uploads\/2020\/12\/fbshare-mk.png","type":"image\/png"}],"author":"Macedonian Helsinki Committee","twitter_card":"summary_large_image","twitter_creator":"@hatecrimesmk","twitter_site":"@hatecrimesmk","twitter_misc":{"Written by":"Macedonian Helsinki Committee","Est. reading time":"1 minute"},"schema":{"@context":"https:\/\/schema.org","@graph":[{"@type":"Article","@id":"https:\/\/zlostorstvaodomraza.com\/sq\/incident-sq\/vdekja-e-nje-personi-me-status-refugjati-ose-emigranti-ne-vendkalimin-kufitar-bogorodice\/#article","isPartOf":{"@id":"https:\/\/zlostorstvaodomraza.com\/sq\/incident-sq\/vdekja-e-nje-personi-me-status-refugjati-ose-emigranti-ne-vendkalimin-kufitar-bogorodice\/"},"author":{"name":"Macedonian Helsinki Committee","@id":"https:\/\/zlostorstvaodomraza.com\/sq\/#\/schema\/person\/dc149a31333676a47a6ba48b3e85392c"},"headline":"Vdekja e nj\u00eb personi me status refugjati ose emigranti n\u00eb vendkalimin kufitar Bogorodic\u00eb","datePublished":"2022-06-09T14:39:25+00:00","dateModified":"2022-08-15T14:39:25+00:00","mainEntityOfPage":{"@id":"https:\/\/zlostorstvaodomraza.com\/sq\/incident-sq\/vdekja-e-nje-personi-me-status-refugjati-ose-emigranti-ne-vendkalimin-kufitar-bogorodice\/"},"wordCount":213,"commentCount":0,"articleSection":["Incident","Incident p\u00ebr shkak t\u00eb nj\u00eb refugjati ose statusi migrant"],"inLanguage":"sq-AL","potentialAction":[{"@type":"CommentAction","name":"Comment","target":["https:\/\/zlostorstvaodomraza.com\/sq\/incident-sq\/vdekja-e-nje-personi-me-status-refugjati-ose-emigranti-ne-vendkalimin-kufitar-bogorodice\/#respond"]}]},{"@type":"WebPage","@id":"https:\/\/zlostorstvaodomraza.com\/sq\/incident-sq\/vdekja-e-nje-personi-me-status-refugjati-ose-emigranti-ne-vendkalimin-kufitar-bogorodice\/","url":"https:\/\/zlostorstvaodomraza.com\/sq\/incident-sq\/vdekja-e-nje-personi-me-status-refugjati-ose-emigranti-ne-vendkalimin-kufitar-bogorodice\/","name":"Vdekja e nj\u00eb personi me status refugjati ose emigranti n\u00eb vendkalimin kufitar Bogorodic\u00eb - Hate Crimes","isPartOf":{"@id":"https:\/\/zlostorstvaodomraza.com\/sq\/#website"},"datePublished":"2022-06-09T14:39:25+00:00","dateModified":"2022-08-15T14:39:25+00:00","author":{"@id":"https:\/\/zlostorstvaodomraza.com\/sq\/#\/schema\/person\/dc149a31333676a47a6ba48b3e85392c"},"description":"M\u00eb 9 qershor 2022, nj\u00eb emigrant apo refugjat pa shenja jete \u00ebsht\u00eb v\u00ebrejtur nd\u00ebrmjet korsive t\u00eb rrug\u00ebs n\u00eb vendkalimin kufitar Bogorodic\u00eb. Nj\u00eb mjek nga Emergjenca mjek\u00ebsore ka konstatuar vdekjen, nd\u00ebrsa prokurori publik dhe ekipi i Stacionit Policor Gjevgjeli kan\u00eb b\u00ebr\u00eb kontrollin e vendit t\u00eb ngjarjes. Me urdh\u00ebr t\u00eb prokurorit publik, trupi i pajet\u00eb i t\u00eb ndjerit \u00ebsht\u00eb dor\u00ebzuar p\u00ebr obduksion.","breadcrumb":{"@id":"https:\/\/zlostorstvaodomraza.com\/sq\/incident-sq\/vdekja-e-nje-personi-me-status-refugjati-ose-emigranti-ne-vendkalimin-kufitar-bogorodice\/#breadcrumb"},"inLanguage":"sq-AL","potentialAction":[{"@type":"ReadAction","target":["https:\/\/zlostorstvaodomraza.com\/sq\/incident-sq\/vdekja-e-nje-personi-me-status-refugjati-ose-emigranti-ne-vendkalimin-kufitar-bogorodice\/"]}]},{"@type":"BreadcrumbList","@id":"https:\/\/zlostorstvaodomraza.com\/sq\/incident-sq\/vdekja-e-nje-personi-me-status-refugjati-ose-emigranti-ne-vendkalimin-kufitar-bogorodice\/#breadcrumb","itemListElement":[{"@type":"ListItem","position":1,"name":"Home","item":"https:\/\/zlostorstvaodomraza.com\/sq\/"},{"@type":"ListItem","position":2,"name":"Vdekja e nj\u00eb personi me status refugjati ose emigranti n\u00eb vendkalimin kufitar Bogorodic\u00eb"}]},{"@type":"WebSite","@id":"https:\/\/zlostorstvaodomraza.com\/sq\/#website","url":"https:\/\/zlostorstvaodomraza.com\/sq\/","name":"Hate Crimes","description":"The objective of the site is to enable citizens to report incidents and crimes they believe to be done out of hate towards the person\u2019s \/ people\u2019s membership or affiliation with a certain social group.","potentialAction":[{"@type":"SearchAction","target":{"@type":"EntryPoint","urlTemplate":"https:\/\/zlostorstvaodomraza.com\/sq\/?s={search_term_string}"},"query-input":{"@type":"PropertyValueSpecification","valueRequired":true,"valueName":"search_term_string"}}],"inLanguage":"sq-AL"},{"@type":"Person","@id":"https:\/\/zlostorstvaodomraza.com\/sq\/#\/schema\/person\/dc149a31333676a47a6ba48b3e85392c","name":"Macedonian Helsinki Committee","image":{"@type":"ImageObject","inLanguage":"sq-AL","@id":"https:\/\/secure.gravatar.com\/avatar\/f3614794f1b3df75180c88c3faa5b213e9bcdd732580214368df86d80b1c8eb8?s=96&d=mm&r=g","url":"https:\/\/secure.gravatar.com\/avatar\/f3614794f1b3df75180c88c3faa5b213e9bcdd732580214368df86d80b1c8eb8?s=96&d=mm&r=g","contentUrl":"https:\/\/secure.gravatar.com\/avatar\/f3614794f1b3df75180c88c3faa5b213e9bcdd732580214368df86d80b1c8eb8?s=96&d=mm&r=g","caption":"Macedonian Helsinki Committee"},"sameAs":["https:\/\/mhc.org.mk"],"url":"https:\/\/zlostorstvaodomraza.com\/sq\/author\/mhc\/"}]}},"_links":{"self":[{"href":"https:\/\/zlostorstvaodomraza.com\/sq\/wp-json\/wp\/v2\/posts\/8856","targetHints":{"allow":["GET"]}}],"collection":[{"href":"https:\/\/zlostorstvaodomraza.com\/sq\/wp-json\/wp\/v2\/posts"}],"about":[{"href":"https:\/\/zlostorstvaodomraza.com\/sq\/wp-json\/wp\/v2\/types\/post"}],"author":[{"embeddable":true,"href":"https:\/\/zlostorstvaodomraza.com\/sq\/wp-json\/wp\/v2\/users\/2"}],"replies":[{"embeddable":true,"href":"https:\/\/zlostorstvaodomraza.com\/sq\/wp-json\/wp\/v2\/comments?post=8856"}],"version-history":[{"count":0,"href":"https:\/\/zlostorstvaodomraza.com\/sq\/wp-json\/wp\/v2\/posts\/8856\/revisions"}],"wp:attachment":[{"href":"https:\/\/zlostorstvaodomraza.com\/sq\/wp-json\/wp\/v2\/media?parent=8856"}],"wp:term":[{"taxonomy":"category","embeddable":true,"href":"https:\/\/zlostorstvaodomraza.com\/sq\/wp-json\/wp\/v2\/categories?post=8856"},{"taxonomy":"post_tag","embeddable":true,"href":"https:\/\/zlostorstvaodomraza.com\/sq\/wp-json\/wp\/v2\/tags?post=8856"}],"curies":[{"name":"wp","href":"https:\/\/api.w.org\/{rel}","templated":true}]}}